{"id":986,"date":"2019-10-07T21:01:41","date_gmt":"2019-10-07T20:01:41","guid":{"rendered":"http:\/\/www.chorale-epoisses.fr\/blog\/?p=986"},"modified":"2019-10-07T21:02:00","modified_gmt":"2019-10-07T20:02:00","slug":"concert-de-noel-a-epoisses-le-15-decembre-2019","status":"publish","type":"post","link":"http:\/\/www.chorale-epoisses.fr\/blog\/?p=986","title":{"rendered":"Concert de No\u00ebl \u00e0 Epoisses le 15 d\u00e9cembre 2019"},"content":{"rendered":"Vous devez \u00eatre connect\u00e9 pour voir ce contenu.","protected":false},"excerpt":{"rendered":"Vous devez \u00eatre connect\u00e9 pour voir ce contenu.","protected":false},"author":3,"featured_media":0,"comment_status":"open","ping_status":"open","sticky":false,"template":"","format":"standard","meta":{"footnotes":""},"categories":[1],"tags":[],"class_list":["post-986","post","type-post","status-publish","format-standard","hentry","category-generalites"],"_links":{"self":[{"href":"http:\/\/www.chorale-epoisses.fr\/blog\/index.php?rest_route=\/wp\/v2\/posts\/986","targetHints":{"allow":["GET"]}}],"collection":[{"href":"http:\/\/www.chorale-epoisses.fr\/blog\/index.php?rest_route=\/wp\/v2\/posts"}],"about":[{"href":"http:\/\/www.chorale-epoisses.fr\/blog\/index.php?rest_route=\/wp\/v2\/types\/post"}],"author":[{"embeddable":true,"href":"http:\/\/www.chorale-epoisses.fr\/blog\/index.php?rest_route=\/wp\/v2\/users\/3"}],"replies":[{"embeddable":true,"href":"http:\/\/www.chorale-epoisses.fr\/blog\/index.php?rest_route=%2Fwp%2Fv2%2Fcomments&post=986"}],"version-history":[{"count":2,"href":"http:\/\/www.chorale-epoisses.fr\/blog\/index.php?rest_route=\/wp\/v2\/posts\/986\/revisions"}],"predecessor-version":[{"id":988,"href":"http:\/\/www.chorale-epoisses.fr\/blog\/index.php?rest_route=\/wp\/v2\/posts\/986\/revisions\/988"}],"wp:attachment":[{"href":"http:\/\/www.chorale-epoisses.fr\/blog\/index.php?rest_route=%2Fwp%2Fv2%2Fmedia&parent=986"}],"wp:term":[{"taxonomy":"category","embeddable":true,"href":"http:\/\/www.chorale-epoisses.fr\/blog\/index.php?rest_route=%2Fwp%2Fv2%2Fcategories&post=986"},{"taxonomy":"post_tag","embeddable":true,"href":"http:\/\/www.chorale-epoisses.fr\/blog\/index.php?rest_route=%2Fwp%2Fv2%2Ftags&post=986"}],"curies":[{"name":"wp","href":"https:\/\/api.w.org\/{rel}","templated":true}]}}